{"id":86,"date":"2014-07-02T09:23:23","date_gmt":"2014-07-02T09:23:23","guid":{"rendered":"http:\/\/jardins2serignan.fr\/?p=86"},"modified":"2020-01-10T12:17:44","modified_gmt":"2020-01-10T12:17:44","slug":"liste-du-conseil-des-syndics","status":"publish","type":"post","link":"https:\/\/jardins2serignan.fr\/?p=86","title":{"rendered":"Liste du conseil des syndics"},"content":{"rendered":"<p style=\"text-align: center;\">COMPOSITION\u00a0DU CONSEIL DES SYNDICS<\/p>\n<p><strong>Pr\u00e9sident\u00a0<\/strong><\/p>\n<ul>\n<li>M. FABRE Marcel<\/li>\n<\/ul>\n<p>&nbsp;<\/p>\n<p><strong>Vice<\/strong><strong>-pr\u00e9sidente\u00a0<\/strong><\/p>\n<p>&nbsp;<\/p>\n<p><strong>Membres du Syndic<\/strong><\/p>\n<ul>\n<li>M. BOURREL Jean Claude<\/li>\n<li>M. COULOMB Ren\u00e9<\/li>\n<li>M. FAURE Jean Pierre<\/li>\n<li>Mme COUDER Sylvie<\/li>\n<li>Mme\u00a0MARTIAL-ALLIES Rose Marie<\/li>\n<li>M. LAISSAC Jacques<\/li>\n<li>Mr NAVAEZ Fran\u00e7ois<\/li>\n<li>M. VIDAL Henri<\/li>\n<li>M. SERRANO Henri<\/li>\n<li>M. CAMATS David<\/li>\n<li>M.\u00a0FABRIGOULLE St\u00e9phane<\/li>\n<\/ul>\n<p><strong><em>Suppl\u00e9ante<\/em> <\/strong>: Mme SERRANO\/ALBERT<\/p>\n<p>&nbsp;<\/p>\n<p><strong>D\u00e9l\u00e9gu\u00e9s de la Commune<\/strong><\/p>\n<ul>\n<li>M. GAUREL Pascal &#8211; Conseiller municipal d\u00e9l\u00e9gu\u00e9 de la Commune de S\u00e9rignan<\/li>\n<li>Mme MONTARON Cathy &#8211; Conseill\u00e8re municipale d\u00e9l\u00e9gu\u00e9e de la Commune de S\u00e9rignan ( suppl\u00e9ante )<\/li>\n<\/ul>\n<p>&nbsp;<\/p>\n<p><strong>A.M.O.(Assistance \u00e0 Maitrise d\u2019Ouvrage)<\/strong><\/p>\n<ul>\n<li>M. VAQUER Ren\u00e9<\/li>\n<li>Maitre CRETIN Gregory<\/li>\n<li>M. CAMATS Serge<\/li>\n<\/ul>\n<p>&nbsp;<\/p>\n","protected":false},"excerpt":{"rendered":"<p>COMPOSITION\u00a0DU CONSEIL DES SYNDICS Pr\u00e9sident\u00a0 M. FABRE Marcel &nbsp; Vice-pr\u00e9sidente\u00a0 &nbsp; Membres du Syndic M. BOURREL Jean Claude M. COULOMB Ren\u00e9 M. FAURE Jean Pierre Mme COUDER Sylvie Mme\u00a0MARTIAL-ALLIES Rose Marie M. LAISSAC Jacques Mr NAVAEZ Fran\u00e7ois M. VIDAL Henri M. SERRANO Henri M. CAMATS David M.\u00a0FABRIGOULLE St\u00e9phane Suppl\u00e9ante : Mme SERRANO\/ALBERT &nbsp; D\u00e9l\u00e9gu\u00e9s de [&hellip;]<\/p>\n","protected":false},"author":1,"featured_media":335,"comment_status":"closed","ping_status":"closed","sticky":false,"template":"","format":"chat","meta":{"footnotes":""},"categories":[6],"tags":[],"class_list":["post-86","post","type-post","status-publish","format-chat","has-post-thumbnail","hentry","category-conseilsyndic","post_format-post-format-chat"],"_links":{"self":[{"href":"https:\/\/jardins2serignan.fr\/index.php?rest_route=\/wp\/v2\/posts\/86"}],"collection":[{"href":"https:\/\/jardins2serignan.fr\/index.php?rest_route=\/wp\/v2\/posts"}],"about":[{"href":"https:\/\/jardins2serignan.fr\/index.php?rest_route=\/wp\/v2\/types\/post"}],"author":[{"embeddable":true,"href":"https:\/\/jardins2serignan.fr\/index.php?rest_route=\/wp\/v2\/users\/1"}],"replies":[{"embeddable":true,"href":"https:\/\/jardins2serignan.fr\/index.php?rest_route=%2Fwp%2Fv2%2Fcomments&post=86"}],"version-history":[{"count":10,"href":"https:\/\/jardins2serignan.fr\/index.php?rest_route=\/wp\/v2\/posts\/86\/revisions"}],"predecessor-version":[{"id":1220,"href":"https:\/\/jardins2serignan.fr\/index.php?rest_route=\/wp\/v2\/posts\/86\/revisions\/1220"}],"wp:featuredmedia":[{"embeddable":true,"href":"https:\/\/jardins2serignan.fr\/index.php?rest_route=\/wp\/v2\/media\/335"}],"wp:attachment":[{"href":"https:\/\/jardins2serignan.fr\/index.php?rest_route=%2Fwp%2Fv2%2Fmedia&parent=86"}],"wp:term":[{"taxonomy":"category","embeddable":true,"href":"https:\/\/jardins2serignan.fr\/index.php?rest_route=%2Fwp%2Fv2%2Fcategories&post=86"},{"taxonomy":"post_tag","embeddable":true,"href":"https:\/\/jardins2serignan.fr\/index.php?rest_route=%2Fwp%2Fv2%2Ftags&post=86"}],"curies":[{"name":"wp","href":"https:\/\/api.w.org\/{rel}","templated":true}]}}