{"id":561,"date":"2015-06-30T14:09:29","date_gmt":"2015-06-30T14:09:29","guid":{"rendered":"http:\/\/jardins2serignan.fr\/?p=561"},"modified":"2020-01-10T12:11:43","modified_gmt":"2020-01-10T12:11:43","slug":"convocation-a-lassemblee-generale-ordinaire-du-10072015-a-15h30","status":"publish","type":"post","link":"https:\/\/jardins2serignan.fr\/?p=561","title":{"rendered":"Convocation \u00e0 l&rsquo;A.G.O du 10\/07\/2015"},"content":{"rendered":"<p>Ch\u00e8re adh\u00e9rente, Cher adh\u00e9rent,<\/p>\n<p>Je vous prie de trouver, ci-dessous, la convocation \u00e0 l&rsquo;Assembl\u00e9e G\u00e9n\u00e9rale du 10 juillet 2015.<\/p>\n<p>Bien cordialement,<\/p>\n<p>Marcel Fabre<\/p>\n<p>&nbsp;<\/p>\n<p>&nbsp;<\/p>\n<p><a href=\"http:\/\/jardins2serignan.fr\/wp-content\/uploads\/2015\/06\/Convocation-AG-10.07.15.pdf\">Convocation AG 10.07.15<\/a><\/p>\n","protected":false},"excerpt":{"rendered":"<p>Ch\u00e8re adh\u00e9rente, Cher adh\u00e9rent, Je vous prie de trouver, ci-dessous, la convocation \u00e0 l&rsquo;Assembl\u00e9e G\u00e9n\u00e9rale du 10 juillet 2015. Bien cordialement, Marcel Fabre &nbsp; &nbsp; Convocation AG 10.07.15<\/p>\n","protected":false},"author":2,"featured_media":0,"comment_status":"closed","ping_status":"closed","sticky":false,"template":"","format":"standard","meta":{"footnotes":""},"categories":[3],"tags":[],"class_list":["post-561","post","type-post","status-publish","format-standard","hentry","category-actuafua"],"_links":{"self":[{"href":"https:\/\/jardins2serignan.fr\/index.php?rest_route=\/wp\/v2\/posts\/561"}],"collection":[{"href":"https:\/\/jardins2serignan.fr\/index.php?rest_route=\/wp\/v2\/posts"}],"about":[{"href":"https:\/\/jardins2serignan.fr\/index.php?rest_route=\/wp\/v2\/types\/post"}],"author":[{"embeddable":true,"href":"https:\/\/jardins2serignan.fr\/index.php?rest_route=\/wp\/v2\/users\/2"}],"replies":[{"embeddable":true,"href":"https:\/\/jardins2serignan.fr\/index.php?rest_route=%2Fwp%2Fv2%2Fcomments&post=561"}],"version-history":[{"count":4,"href":"https:\/\/jardins2serignan.fr\/index.php?rest_route=\/wp\/v2\/posts\/561\/revisions"}],"predecessor-version":[{"id":566,"href":"https:\/\/jardins2serignan.fr\/index.php?rest_route=\/wp\/v2\/posts\/561\/revisions\/566"}],"wp:attachment":[{"href":"https:\/\/jardins2serignan.fr\/index.php?rest_route=%2Fwp%2Fv2%2Fmedia&parent=561"}],"wp:term":[{"taxonomy":"category","embeddable":true,"href":"https:\/\/jardins2serignan.fr\/index.php?rest_route=%2Fwp%2Fv2%2Fcategories&post=561"},{"taxonomy":"post_tag","embeddable":true,"href":"https:\/\/jardins2serignan.fr\/index.php?rest_route=%2Fwp%2Fv2%2Ftags&post=561"}],"curies":[{"name":"wp","href":"https:\/\/api.w.org\/{rel}","templated":true}]}}