{"id":416,"date":"2014-10-30T09:32:52","date_gmt":"2014-10-30T09:32:52","guid":{"rendered":"http:\/\/jardins2serignan.fr\/?p=416"},"modified":"2015-06-30T14:14:16","modified_gmt":"2015-06-30T14:14:16","slug":"proces-verbal-de-lassemblee-generale-extraordinaire-du-17102014","status":"publish","type":"post","link":"https:\/\/jardins2serignan.fr\/?p=416","title":{"rendered":"Proc\u00e8s Verbal de l&rsquo;Assembl\u00e9e G\u00e9n\u00e9rale Extraordinaire du 17\/10\/2014"},"content":{"rendered":"<p style=\"color: #000000;\"><strong>Proc\u00e8s Verbal de l&rsquo;Assembl\u00e9e G\u00e9n\u00e9rale Extraordinaire du 17\/10\/2014<\/strong><\/p>\n<p style=\"color: #000000;\">\n<p style=\"color: #000000;\">En cliquant sur\u00a0le lien ci-dessous, vous trouverez le proc\u00e8s verbal\u00a0de l&rsquo;Assembl\u00e9e G\u00e9n\u00e9rale Extraordinaire du 17\/10\/2014.<\/p>\n<p style=\"color: #000000;\"><a href=\"http:\/\/jardins2serignan.fr\/wp-content\/uploads\/2014\/10\/PV-AG-17.10.14.pdf\">PV AG 17.10.14<\/a><\/p>\n<p style=\"color: #000000;\">\n","protected":false},"excerpt":{"rendered":"<p>Proc\u00e8s Verbal de l&rsquo;Assembl\u00e9e G\u00e9n\u00e9rale Extraordinaire du 17\/10\/2014 En cliquant sur\u00a0le lien ci-dessous, vous trouverez le proc\u00e8s verbal\u00a0de l&rsquo;Assembl\u00e9e G\u00e9n\u00e9rale Extraordinaire du 17\/10\/2014. PV AG 17.10.14<\/p>\n","protected":false},"author":2,"featured_media":0,"comment_status":"closed","ping_status":"closed","sticky":false,"template":"","format":"link","meta":{"footnotes":""},"categories":[7],"tags":[],"class_list":["post-416","post","type-post","status-publish","format-link","hentry","category-delib","post_format-post-format-link"],"_links":{"self":[{"href":"https:\/\/jardins2serignan.fr\/index.php?rest_route=\/wp\/v2\/posts\/416"}],"collection":[{"href":"https:\/\/jardins2serignan.fr\/index.php?rest_route=\/wp\/v2\/posts"}],"about":[{"href":"https:\/\/jardins2serignan.fr\/index.php?rest_route=\/wp\/v2\/types\/post"}],"author":[{"embeddable":true,"href":"https:\/\/jardins2serignan.fr\/index.php?rest_route=\/wp\/v2\/users\/2"}],"replies":[{"embeddable":true,"href":"https:\/\/jardins2serignan.fr\/index.php?rest_route=%2Fwp%2Fv2%2Fcomments&post=416"}],"version-history":[{"count":1,"href":"https:\/\/jardins2serignan.fr\/index.php?rest_route=\/wp\/v2\/posts\/416\/revisions"}],"predecessor-version":[{"id":417,"href":"https:\/\/jardins2serignan.fr\/index.php?rest_route=\/wp\/v2\/posts\/416\/revisions\/417"}],"wp:attachment":[{"href":"https:\/\/jardins2serignan.fr\/index.php?rest_route=%2Fwp%2Fv2%2Fmedia&parent=416"}],"wp:term":[{"taxonomy":"category","embeddable":true,"href":"https:\/\/jardins2serignan.fr\/index.php?rest_route=%2Fwp%2Fv2%2Fcategories&post=416"},{"taxonomy":"post_tag","embeddable":true,"href":"https:\/\/jardins2serignan.fr\/index.php?rest_route=%2Fwp%2Fv2%2Ftags&post=416"}],"curies":[{"name":"wp","href":"https:\/\/api.w.org\/{rel}","templated":true}]}}