{"id":406,"date":"2014-08-25T14:01:08","date_gmt":"2014-08-25T14:01:08","guid":{"rendered":"http:\/\/jardins2serignan.fr\/?p=406"},"modified":"2015-06-30T14:14:35","modified_gmt":"2015-06-30T14:14:35","slug":"406","status":"publish","type":"post","link":"https:\/\/jardins2serignan.fr\/?p=406","title":{"rendered":""},"content":{"rendered":"<p><strong style=\"font-weight: bold;\">Conseil des Syndics du 15 juin\u00a02014.<\/strong><\/p>\n<p style=\"color: #000000;\">En cliquant sur\u00a0le lien ci-dessous, vous trouverez le proc\u00e8s verbal et les d\u00e9lib\u00e9rations du Conseil des Syndics du 15 \u00a0juin\u00a02014.<\/p>\n<p style=\"color: #000000;\">\n<p><a href=\"http:\/\/jardins2serignan.fr\/wp-content\/uploads\/2014\/10\/CS-du-15.06.14.pdf\">CS du 15.06.14<\/a><\/p>\n","protected":false},"excerpt":{"rendered":"<p>Conseil des Syndics du 15 juin\u00a02014. En cliquant sur\u00a0le lien ci-dessous, vous trouverez le proc\u00e8s verbal et les d\u00e9lib\u00e9rations du Conseil des Syndics du 15 \u00a0juin\u00a02014. CS du 15.06.14<\/p>\n","protected":false},"author":2,"featured_media":0,"comment_status":"closed","ping_status":"closed","sticky":false,"template":"","format":"link","meta":{"footnotes":""},"categories":[7],"tags":[],"class_list":["post-406","post","type-post","status-publish","format-link","hentry","category-delib","post_format-post-format-link"],"_links":{"self":[{"href":"https:\/\/jardins2serignan.fr\/index.php?rest_route=\/wp\/v2\/posts\/406"}],"collection":[{"href":"https:\/\/jardins2serignan.fr\/index.php?rest_route=\/wp\/v2\/posts"}],"about":[{"href":"https:\/\/jardins2serignan.fr\/index.php?rest_route=\/wp\/v2\/types\/post"}],"author":[{"embeddable":true,"href":"https:\/\/jardins2serignan.fr\/index.php?rest_route=\/wp\/v2\/users\/2"}],"replies":[{"embeddable":true,"href":"https:\/\/jardins2serignan.fr\/index.php?rest_route=%2Fwp%2Fv2%2Fcomments&post=406"}],"version-history":[{"count":1,"href":"https:\/\/jardins2serignan.fr\/index.php?rest_route=\/wp\/v2\/posts\/406\/revisions"}],"predecessor-version":[{"id":407,"href":"https:\/\/jardins2serignan.fr\/index.php?rest_route=\/wp\/v2\/posts\/406\/revisions\/407"}],"wp:attachment":[{"href":"https:\/\/jardins2serignan.fr\/index.php?rest_route=%2Fwp%2Fv2%2Fmedia&parent=406"}],"wp:term":[{"taxonomy":"category","embeddable":true,"href":"https:\/\/jardins2serignan.fr\/index.php?rest_route=%2Fwp%2Fv2%2Fcategories&post=406"},{"taxonomy":"post_tag","embeddable":true,"href":"https:\/\/jardins2serignan.fr\/index.php?rest_route=%2Fwp%2Fv2%2Ftags&post=406"}],"curies":[{"name":"wp","href":"https:\/\/api.w.org\/{rel}","templated":true}]}}