{"id":369,"date":"2014-08-26T08:08:59","date_gmt":"2014-08-26T08:08:59","guid":{"rendered":"http:\/\/jardins2serignan.fr\/?p=369"},"modified":"2020-01-10T12:13:24","modified_gmt":"2020-01-10T12:13:24","slug":"369","status":"publish","type":"post","link":"https:\/\/jardins2serignan.fr\/?p=369","title":{"rendered":"Proc\u00e8s Verbal de l&rsquo;A.G.E. du 11 juillet 2014"},"content":{"rendered":"<p><strong>Proc\u00e8s Verbal de l&rsquo; A.G.E du 11 juillet 2014<\/strong><\/p>\n<p>&nbsp;<\/p>\n<p>En cliquant sur\u00a0le lien ci-dessous, vous trouverez le proc\u00e8s verbal\u00a0de l&rsquo;Assembl\u00e9e G\u00e9n\u00e9rale Extraordinaire du 11 juillet 2014.<\/p>\n<p><a href=\"http:\/\/jardins2serignan.fr\/wp-content\/uploads\/2014\/08\/PV-AG-11-JUILLET-2014.pdf\">PV AG 11 JUILLET 2014<\/a><\/p>\n","protected":false},"excerpt":{"rendered":"<p>Proc\u00e8s Verbal de l&rsquo; A.G.E du 11 juillet 2014 &nbsp; En cliquant sur\u00a0le lien ci-dessous, vous trouverez le proc\u00e8s verbal\u00a0de l&rsquo;Assembl\u00e9e G\u00e9n\u00e9rale Extraordinaire du 11 juillet 2014. PV AG 11 JUILLET 2014<\/p>\n","protected":false},"author":2,"featured_media":0,"comment_status":"closed","ping_status":"closed","sticky":false,"template":"","format":"link","meta":{"footnotes":""},"categories":[7],"tags":[],"class_list":["post-369","post","type-post","status-publish","format-link","hentry","category-delib","post_format-post-format-link"],"_links":{"self":[{"href":"https:\/\/jardins2serignan.fr\/index.php?rest_route=\/wp\/v2\/posts\/369"}],"collection":[{"href":"https:\/\/jardins2serignan.fr\/index.php?rest_route=\/wp\/v2\/posts"}],"about":[{"href":"https:\/\/jardins2serignan.fr\/index.php?rest_route=\/wp\/v2\/types\/post"}],"author":[{"embeddable":true,"href":"https:\/\/jardins2serignan.fr\/index.php?rest_route=\/wp\/v2\/users\/2"}],"replies":[{"embeddable":true,"href":"https:\/\/jardins2serignan.fr\/index.php?rest_route=%2Fwp%2Fv2%2Fcomments&post=369"}],"version-history":[{"count":3,"href":"https:\/\/jardins2serignan.fr\/index.php?rest_route=\/wp\/v2\/posts\/369\/revisions"}],"predecessor-version":[{"id":372,"href":"https:\/\/jardins2serignan.fr\/index.php?rest_route=\/wp\/v2\/posts\/369\/revisions\/372"}],"wp:attachment":[{"href":"https:\/\/jardins2serignan.fr\/index.php?rest_route=%2Fwp%2Fv2%2Fmedia&parent=369"}],"wp:term":[{"taxonomy":"category","embeddable":true,"href":"https:\/\/jardins2serignan.fr\/index.php?rest_route=%2Fwp%2Fv2%2Fcategories&post=369"},{"taxonomy":"post_tag","embeddable":true,"href":"https:\/\/jardins2serignan.fr\/index.php?rest_route=%2Fwp%2Fv2%2Ftags&post=369"}],"curies":[{"name":"wp","href":"https:\/\/api.w.org\/{rel}","templated":true}]}}