{"id":300,"date":"2014-07-24T11:50:41","date_gmt":"2014-07-24T11:50:41","guid":{"rendered":"http:\/\/jardins2serignan.fr\/?p=300"},"modified":"2020-01-10T12:16:53","modified_gmt":"2020-01-10T12:16:53","slug":"p-l-u-serignan-orientation-damenagement-et-de-programmation-2","status":"publish","type":"post","link":"https:\/\/jardins2serignan.fr\/?p=300","title":{"rendered":"P.L.U. S\u00e9rignan &#8211; Orientation d&rsquo;Am\u00e9nagement et de Programmation"},"content":{"rendered":"<p>Pi\u00e8ce 2 :\u00a0<a href=\"http:\/\/jardins2serignan.fr\/wp-content\/uploads\/2014\/09\/Amenagement-et-de-Programmation-du-secteur-Les-Jardins-de-Serignan.pdf\">Amenagement et de Programmation du secteur Les Jardins de Serignan<\/a><\/p>\n","protected":false},"excerpt":{"rendered":"<p>Pi\u00e8ce 2 :\u00a0Amenagement et de Programmation du secteur Les Jardins de Serignan<\/p>\n","protected":false},"author":2,"featured_media":0,"comment_status":"closed","ping_status":"closed","sticky":false,"template":"","format":"standard","meta":{"footnotes":""},"categories":[12],"tags":[],"class_list":["post-300","post","type-post","status-publish","format-standard","hentry","category-pluzac"],"_links":{"self":[{"href":"https:\/\/jardins2serignan.fr\/index.php?rest_route=\/wp\/v2\/posts\/300"}],"collection":[{"href":"https:\/\/jardins2serignan.fr\/index.php?rest_route=\/wp\/v2\/posts"}],"about":[{"href":"https:\/\/jardins2serignan.fr\/index.php?rest_route=\/wp\/v2\/types\/post"}],"author":[{"embeddable":true,"href":"https:\/\/jardins2serignan.fr\/index.php?rest_route=\/wp\/v2\/users\/2"}],"replies":[{"embeddable":true,"href":"https:\/\/jardins2serignan.fr\/index.php?rest_route=%2Fwp%2Fv2%2Fcomments&post=300"}],"version-history":[{"count":2,"href":"https:\/\/jardins2serignan.fr\/index.php?rest_route=\/wp\/v2\/posts\/300\/revisions"}],"predecessor-version":[{"id":389,"href":"https:\/\/jardins2serignan.fr\/index.php?rest_route=\/wp\/v2\/posts\/300\/revisions\/389"}],"wp:attachment":[{"href":"https:\/\/jardins2serignan.fr\/index.php?rest_route=%2Fwp%2Fv2%2Fmedia&parent=300"}],"wp:term":[{"taxonomy":"category","embeddable":true,"href":"https:\/\/jardins2serignan.fr\/index.php?rest_route=%2Fwp%2Fv2%2Fcategories&post=300"},{"taxonomy":"post_tag","embeddable":true,"href":"https:\/\/jardins2serignan.fr\/index.php?rest_route=%2Fwp%2Fv2%2Ftags&post=300"}],"curies":[{"name":"wp","href":"https:\/\/api.w.org\/{rel}","templated":true}]}}