{"id":179,"date":"2014-07-02T09:30:24","date_gmt":"2014-07-02T09:30:24","guid":{"rendered":"http:\/\/jardins2serignan.fr\/?p=179"},"modified":"2020-01-23T13:37:50","modified_gmt":"2020-01-23T13:37:50","slug":"conseil-des-syndics-du-14-fevrier-2013","status":"publish","type":"post","link":"https:\/\/jardins2serignan.fr\/?p=179","title":{"rendered":"Conseil des Syndics du 14 f\u00e9vrier 2013"},"content":{"rendered":"<p><strong>Conseil des Syndics du\u00a014 f\u00e9vrier\u00a02014.<\/strong><\/p>\n<p>&nbsp;<\/p>\n<p><span style=\"color: #000000;\">En cliquant sur le lien ci-dessous, vous trouverez le proc\u00e8s verbal et les d\u00e9lib\u00e9rations du Conseil des Syndics du 14 f\u00e9vrier\u00a02014.<\/span><\/p>\n<p><a href=\"http:\/\/jardins2serignan.fr\/wp-content\/uploads\/2014\/07\/PV-14-fev-2014-p1405.zip\">PV 14 fev 2014\u00a0<\/a><\/p>\n","protected":false},"excerpt":{"rendered":"<p>Conseil des Syndics du\u00a014 f\u00e9vrier\u00a02014. &nbsp; En cliquant sur le lien ci-dessous, vous trouverez le proc\u00e8s verbal et les d\u00e9lib\u00e9rations du Conseil des Syndics du 14 f\u00e9vrier\u00a02014. PV 14 fev 2014\u00a0<\/p>\n","protected":false},"author":2,"featured_media":0,"comment_status":"closed","ping_status":"closed","sticky":false,"template":"","format":"link","meta":{"footnotes":""},"categories":[7],"tags":[],"class_list":["post-179","post","type-post","status-publish","format-link","hentry","category-delib","post_format-post-format-link"],"_links":{"self":[{"href":"https:\/\/jardins2serignan.fr\/index.php?rest_route=\/wp\/v2\/posts\/179"}],"collection":[{"href":"https:\/\/jardins2serignan.fr\/index.php?rest_route=\/wp\/v2\/posts"}],"about":[{"href":"https:\/\/jardins2serignan.fr\/index.php?rest_route=\/wp\/v2\/types\/post"}],"author":[{"embeddable":true,"href":"https:\/\/jardins2serignan.fr\/index.php?rest_route=\/wp\/v2\/users\/2"}],"replies":[{"embeddable":true,"href":"https:\/\/jardins2serignan.fr\/index.php?rest_route=%2Fwp%2Fv2%2Fcomments&post=179"}],"version-history":[{"count":2,"href":"https:\/\/jardins2serignan.fr\/index.php?rest_route=\/wp\/v2\/posts\/179\/revisions"}],"predecessor-version":[{"id":234,"href":"https:\/\/jardins2serignan.fr\/index.php?rest_route=\/wp\/v2\/posts\/179\/revisions\/234"}],"wp:attachment":[{"href":"https:\/\/jardins2serignan.fr\/index.php?rest_route=%2Fwp%2Fv2%2Fmedia&parent=179"}],"wp:term":[{"taxonomy":"category","embeddable":true,"href":"https:\/\/jardins2serignan.fr\/index.php?rest_route=%2Fwp%2Fv2%2Fcategories&post=179"},{"taxonomy":"post_tag","embeddable":true,"href":"https:\/\/jardins2serignan.fr\/index.php?rest_route=%2Fwp%2Fv2%2Ftags&post=179"}],"curies":[{"name":"wp","href":"https:\/\/api.w.org\/{rel}","templated":true}]}}