{"id":1494,"date":"2022-09-12T09:42:24","date_gmt":"2022-09-12T09:42:24","guid":{"rendered":"http:\/\/jardins2serignan.fr\/?p=1494"},"modified":"2022-09-12T09:47:38","modified_gmt":"2022-09-12T09:47:38","slug":"assemblee-generale-du-1er-juillet-2022","status":"publish","type":"post","link":"https:\/\/jardins2serignan.fr\/?p=1494","title":{"rendered":""},"content":{"rendered":"\n<h2 class=\"wp-block-heading\">Assembl\u00e9e G\u00e9n\u00e9rale du 1er juillet 2022<\/h2>\n\n\n\n<div class=\"wp-block-file\"><a id=\"wp-block-file--media-8eb39eb1-88f9-4e97-87e4-93f5a20695d4\" href=\"http:\/\/jardins2serignan.fr\/wp-content\/uploads\/2022\/09\/P.V.-A.G.-1er-juillet-2022-valide.pdf\" target=\"_blank\" rel=\"noreferrer noopener\">P.V.-A.G.-1er-juillet-2022-valide<\/a><\/div>\n","protected":false},"excerpt":{"rendered":"<p>Assembl\u00e9e G\u00e9n\u00e9rale du 1er juillet 2022<\/p>\n","protected":false},"author":2,"featured_media":0,"comment_status":"open","ping_status":"open","sticky":false,"template":"","format":"aside","meta":{"footnotes":""},"categories":[3,7],"tags":[],"class_list":["post-1494","post","type-post","status-publish","format-aside","hentry","category-actuafua","category-delib","post_format-post-format-aside"],"_links":{"self":[{"href":"https:\/\/jardins2serignan.fr\/index.php?rest_route=\/wp\/v2\/posts\/1494"}],"collection":[{"href":"https:\/\/jardins2serignan.fr\/index.php?rest_route=\/wp\/v2\/posts"}],"about":[{"href":"https:\/\/jardins2serignan.fr\/index.php?rest_route=\/wp\/v2\/types\/post"}],"author":[{"embeddable":true,"href":"https:\/\/jardins2serignan.fr\/index.php?rest_route=\/wp\/v2\/users\/2"}],"replies":[{"embeddable":true,"href":"https:\/\/jardins2serignan.fr\/index.php?rest_route=%2Fwp%2Fv2%2Fcomments&post=1494"}],"version-history":[{"count":2,"href":"https:\/\/jardins2serignan.fr\/index.php?rest_route=\/wp\/v2\/posts\/1494\/revisions"}],"predecessor-version":[{"id":1498,"href":"https:\/\/jardins2serignan.fr\/index.php?rest_route=\/wp\/v2\/posts\/1494\/revisions\/1498"}],"wp:attachment":[{"href":"https:\/\/jardins2serignan.fr\/index.php?rest_route=%2Fwp%2Fv2%2Fmedia&parent=1494"}],"wp:term":[{"taxonomy":"category","embeddable":true,"href":"https:\/\/jardins2serignan.fr\/index.php?rest_route=%2Fwp%2Fv2%2Fcategories&post=1494"},{"taxonomy":"post_tag","embeddable":true,"href":"https:\/\/jardins2serignan.fr\/index.php?rest_route=%2Fwp%2Fv2%2Ftags&post=1494"}],"curies":[{"name":"wp","href":"https:\/\/api.w.org\/{rel}","templated":true}]}}