{"id":1440,"date":"2022-01-12T17:13:14","date_gmt":"2022-01-12T17:13:14","guid":{"rendered":"http:\/\/jardins2serignan.fr\/?p=1440"},"modified":"2022-01-12T17:16:51","modified_gmt":"2022-01-12T17:16:51","slug":"voeux-du-president-12-01-2022","status":"publish","type":"post","link":"https:\/\/jardins2serignan.fr\/?p=1440","title":{"rendered":"V\u0153ux du Pr\u00e9sident et du Conseil des Syndics &#8211; 12\/01\/2022"},"content":{"rendered":"\n<p>&nbsp;Chers tous,<\/p>\n\n\n\n<p>Avant toute chose nous vous souhaitons les membres du Conseil des syndics et moi-m\u00eame une tr\u00e8s belle ann\u00e9e 2022. Je forme pour vous et vos proches des v\u0153ux de sant\u00e9, de bonheur et de r\u00e9ussite. En esp\u00e9rant que cette ann\u00e9e soit celle de la fin du COVID et que nous recouvrions tr\u00e8s vite notre pleine libert\u00e9 d\u2019action.<\/p>\n\n\n\n<p>Nous voulions organiser en ce d\u00e9but d\u2019ann\u00e9e l\u2019assembl\u00e9e g\u00e9n\u00e9rale de notre association mais malheureusement les conditions sanitaires actuelles nous l\u2019interdisent pour le moment.<\/p>\n\n\n\n<p>Je vous adresse donc un r\u00e9capitulatif de l\u2019avancement de notre projet AFUA.<\/p>\n\n\n\n<p>Comme vous avez pu le constater aujourd\u2019hui les travaux d\u2019am\u00e9nagement sont presque enti\u00e8rement achev\u00e9s. Il ne reste plus que l\u2019am\u00e9nagement des s\u00e9quences 7, 8 et 9 qui est en cours (livraison fin du 3<sup>\u00e8me<\/sup>&nbsp;trimestre 2022) et l\u2019am\u00e9nagement de la s\u00e9quence 12 qui sera r\u00e9alis\u00e9 en fin d\u2019ann\u00e9e.<\/p>\n\n\n\n<p>Beaucoup d\u2019entre-vous ont pu d\u2019ores et d\u00e9j\u00e0 obtenir un permis et construire sur leur parcelle. Nous en sommes tr\u00e8s heureux.<\/p>\n\n\n\n<p>J\u2019en profite pour vous remercier pour votre confiance durant toutes ces ann\u00e9es et votre adh\u00e9sion au projet de reprise de l\u2019AFUA, notamment par le paiement des participations r\u00e9clam\u00e9es, qui ont permis ce beau succ\u00e8s.<\/p>\n\n\n\n<p>Bien s\u00fbr tout n\u2019a pas \u00e9t\u00e9 facile, cela a m\u00eame parfois \u00e9t\u00e9 tr\u00e8s compliqu\u00e9, mais aujourd\u2019hui les grosses difficult\u00e9s sont derri\u00e8re nous.<\/p>\n\n\n\n<p>Les contentieux engag\u00e9s par l\u2019association des Cosses du Falgairas et Galine contre l\u2019op\u00e9ration, jusque devant le Conseil d\u2019Etat, ont tous \u00e9t\u00e9 rejet\u00e9s et notamment la d\u00e9cision ayant arr\u00eat\u00e9 le calcul et le montant des participations d\u2019am\u00e9nagement qui vous ont \u00e9t\u00e9 r\u00e9clam\u00e9es a \u00e9t\u00e9 valid\u00e9e par le juge administratif.<\/p>\n\n\n\n<p>Nous avons le soutien de l\u2019Etat et de la Commune de S\u00e9rignan.<\/p>\n\n\n\n<p>Aujourd\u2019hui le bilan du projet est \u00e9quilibr\u00e9 et le restera jusqu\u2019\u00e0 la fin de l\u2019op\u00e9ration. L\u2019AFUA est \u00e0 jour de toutes ses dettes. Le montant des participations d\u2019am\u00e9nagement est rest\u00e9 celui qui vous avait \u00e9t\u00e9 annonc\u00e9 il y a maintenant pr\u00e8s de 8 ans soit, 50,07 \u20ac le m\u00b2 de terrain.<\/p>\n\n\n\n<p>Nous solderons totalement la dette que l\u2019AFUA a envers les propri\u00e9taires des terrains situ\u00e9s dans la ZNIEFF du Clos Marin d\u00e8s cette ann\u00e9e. Qu\u2019ils soient vivement remerci\u00e9s pour leur patience.<\/p>\n\n\n\n<p>Et je sais que certains l\u2019attendent, vous pourrez vendre librement vos parcelles \u00e0 partir du second semestre 2023.<\/p>\n\n\n\n<p>Nous pr\u00e9voyons de cl\u00f4turer l\u2019AFUA au 31 d\u00e9cembre 2023.<\/p>\n\n\n\n<p>En esp\u00e9rant que nous pourrons nous r\u00e9unir au printemps,<\/p>\n\n\n\n<p>Nous vous adressons dans cette attente, nos amicales salutations.<\/p>\n\n\n\n<p>Le Pr\u00e9sident de l\u2019AFUA et les membres du conseil des syndics.<\/p>\n","protected":false},"excerpt":{"rendered":"<p>&nbsp;Chers tous, Avant toute chose nous vous souhaitons les membres du Conseil des syndics et moi-m\u00eame une tr\u00e8s belle ann\u00e9e 2022. Je forme pour vous et vos proches des v\u0153ux de sant\u00e9, de bonheur et de r\u00e9ussite. En esp\u00e9rant que cette ann\u00e9e soit celle de la fin du COVID et que nous recouvrions tr\u00e8s vite [&hellip;]<\/p>\n","protected":false},"author":2,"featured_media":0,"comment_status":"open","ping_status":"open","sticky":false,"template":"","format":"standard","meta":{"footnotes":""},"categories":[3],"tags":[],"class_list":["post-1440","post","type-post","status-publish","format-standard","hentry","category-actuafua"],"_links":{"self":[{"href":"https:\/\/jardins2serignan.fr\/index.php?rest_route=\/wp\/v2\/posts\/1440"}],"collection":[{"href":"https:\/\/jardins2serignan.fr\/index.php?rest_route=\/wp\/v2\/posts"}],"about":[{"href":"https:\/\/jardins2serignan.fr\/index.php?rest_route=\/wp\/v2\/types\/post"}],"author":[{"embeddable":true,"href":"https:\/\/jardins2serignan.fr\/index.php?rest_route=\/wp\/v2\/users\/2"}],"replies":[{"embeddable":true,"href":"https:\/\/jardins2serignan.fr\/index.php?rest_route=%2Fwp%2Fv2%2Fcomments&post=1440"}],"version-history":[{"count":2,"href":"https:\/\/jardins2serignan.fr\/index.php?rest_route=\/wp\/v2\/posts\/1440\/revisions"}],"predecessor-version":[{"id":1443,"href":"https:\/\/jardins2serignan.fr\/index.php?rest_route=\/wp\/v2\/posts\/1440\/revisions\/1443"}],"wp:attachment":[{"href":"https:\/\/jardins2serignan.fr\/index.php?rest_route=%2Fwp%2Fv2%2Fmedia&parent=1440"}],"wp:term":[{"taxonomy":"category","embeddable":true,"href":"https:\/\/jardins2serignan.fr\/index.php?rest_route=%2Fwp%2Fv2%2Fcategories&post=1440"},{"taxonomy":"post_tag","embeddable":true,"href":"https:\/\/jardins2serignan.fr\/index.php?rest_route=%2Fwp%2Fv2%2Ftags&post=1440"}],"curies":[{"name":"wp","href":"https:\/\/api.w.org\/{rel}","templated":true}]}}