{"id":137,"date":"2014-07-03T13:37:47","date_gmt":"2014-07-03T13:37:47","guid":{"rendered":"http:\/\/jardins2serignan.fr\/?p=137"},"modified":"2021-02-11T13:14:41","modified_gmt":"2021-02-11T13:14:41","slug":"conseil-des-syndics-du-7-mars-2014","status":"publish","type":"post","link":"https:\/\/jardins2serignan.fr\/?p=137","title":{"rendered":"Conseil des Syndics du 7 mars 2014"},"content":{"rendered":"<p><strong>Conseil des Syndics du 7 mars 2014<\/strong>.<\/p>\n<p>&nbsp;<\/p>\n<p>En cliquant sur le lien ci-dessous, vous trouverez le proc\u00e8s verbal et les d\u00e9lib\u00e9rations du Conseil des Syndics du 7 mars 2014.<\/p>\n<p><strong><a href=\"http:\/\/jardins2serignan.fr\/wp-content\/uploads\/2014\/07\/CS-7.03.2014.pdf\" target=\"_blank\" rel=\"noopener\">CS 7.03.2014<\/a><\/strong><\/p>\n","protected":false},"excerpt":{"rendered":"<p>Conseil des Syndics du 7 mars 2014. &nbsp; En cliquant sur le lien ci-dessous, vous trouverez le proc\u00e8s verbal et les d\u00e9lib\u00e9rations du Conseil des Syndics du 7 mars 2014. CS 7.03.2014<\/p>\n","protected":false},"author":2,"featured_media":0,"comment_status":"closed","ping_status":"closed","sticky":false,"template":"","format":"link","meta":{"footnotes":""},"categories":[7],"tags":[],"class_list":["post-137","post","type-post","status-publish","format-link","hentry","category-delib","post_format-post-format-link"],"_links":{"self":[{"href":"https:\/\/jardins2serignan.fr\/index.php?rest_route=\/wp\/v2\/posts\/137"}],"collection":[{"href":"https:\/\/jardins2serignan.fr\/index.php?rest_route=\/wp\/v2\/posts"}],"about":[{"href":"https:\/\/jardins2serignan.fr\/index.php?rest_route=\/wp\/v2\/types\/post"}],"author":[{"embeddable":true,"href":"https:\/\/jardins2serignan.fr\/index.php?rest_route=\/wp\/v2\/users\/2"}],"replies":[{"embeddable":true,"href":"https:\/\/jardins2serignan.fr\/index.php?rest_route=%2Fwp%2Fv2%2Fcomments&post=137"}],"version-history":[{"count":7,"href":"https:\/\/jardins2serignan.fr\/index.php?rest_route=\/wp\/v2\/posts\/137\/revisions"}],"predecessor-version":[{"id":1343,"href":"https:\/\/jardins2serignan.fr\/index.php?rest_route=\/wp\/v2\/posts\/137\/revisions\/1343"}],"wp:attachment":[{"href":"https:\/\/jardins2serignan.fr\/index.php?rest_route=%2Fwp%2Fv2%2Fmedia&parent=137"}],"wp:term":[{"taxonomy":"category","embeddable":true,"href":"https:\/\/jardins2serignan.fr\/index.php?rest_route=%2Fwp%2Fv2%2Fcategories&post=137"},{"taxonomy":"post_tag","embeddable":true,"href":"https:\/\/jardins2serignan.fr\/index.php?rest_route=%2Fwp%2Fv2%2Ftags&post=137"}],"curies":[{"name":"wp","href":"https:\/\/api.w.org\/{rel}","templated":true}]}}