{"id":1063,"date":"2015-11-11T08:12:10","date_gmt":"2015-11-11T08:12:10","guid":{"rendered":"http:\/\/jardins2serignan.fr\/?p=1063"},"modified":"2020-01-10T12:11:32","modified_gmt":"2020-01-10T12:11:32","slug":"lettre-de-m-fabre-marcel-president-de-lafua-a-tous-les-proprietaires-novembre-2015","status":"publish","type":"post","link":"https:\/\/jardins2serignan.fr\/?p=1063","title":{"rendered":"Lettre de M. FABRE Marcel, Pr\u00e9sident de l&rsquo;AFUA, \u00e0 tous les propri\u00e9taires  &#8211; Novembre 2015 &#8211;"},"content":{"rendered":"<p><a href=\"http:\/\/jardins2serignan.fr\/wp-content\/uploads\/2015\/11\/Mot-du-President-Novembre-2015.docx\">Mot du President Novembre 2015<\/a><\/p>\n","protected":false},"excerpt":{"rendered":"<p>Mot du President Novembre 2015<\/p>\n","protected":false},"author":2,"featured_media":0,"comment_status":"closed","ping_status":"closed","sticky":false,"template":"","format":"standard","meta":{"footnotes":""},"categories":[3],"tags":[],"class_list":["post-1063","post","type-post","status-publish","format-standard","hentry","category-actuafua"],"_links":{"self":[{"href":"https:\/\/jardins2serignan.fr\/index.php?rest_route=\/wp\/v2\/posts\/1063"}],"collection":[{"href":"https:\/\/jardins2serignan.fr\/index.php?rest_route=\/wp\/v2\/posts"}],"about":[{"href":"https:\/\/jardins2serignan.fr\/index.php?rest_route=\/wp\/v2\/types\/post"}],"author":[{"embeddable":true,"href":"https:\/\/jardins2serignan.fr\/index.php?rest_route=\/wp\/v2\/users\/2"}],"replies":[{"embeddable":true,"href":"https:\/\/jardins2serignan.fr\/index.php?rest_route=%2Fwp%2Fv2%2Fcomments&post=1063"}],"version-history":[{"count":1,"href":"https:\/\/jardins2serignan.fr\/index.php?rest_route=\/wp\/v2\/posts\/1063\/revisions"}],"predecessor-version":[{"id":1064,"href":"https:\/\/jardins2serignan.fr\/index.php?rest_route=\/wp\/v2\/posts\/1063\/revisions\/1064"}],"wp:attachment":[{"href":"https:\/\/jardins2serignan.fr\/index.php?rest_route=%2Fwp%2Fv2%2Fmedia&parent=1063"}],"wp:term":[{"taxonomy":"category","embeddable":true,"href":"https:\/\/jardins2serignan.fr\/index.php?rest_route=%2Fwp%2Fv2%2Fcategories&post=1063"},{"taxonomy":"post_tag","embeddable":true,"href":"https:\/\/jardins2serignan.fr\/index.php?rest_route=%2Fwp%2Fv2%2Ftags&post=1063"}],"curies":[{"name":"wp","href":"https:\/\/api.w.org\/{rel}","templated":true}]}}